[{"@context":"https:\/\/schema.org\/","@type":"Article","@id":"https:\/\/www.gravis.sk\/ked-sme-chori\/#Article","mainEntityOfPage":"https:\/\/www.gravis.sk\/ked-sme-chori\/","headline":"Ke\u010f sme chor\u00ed","name":"Ke\u010f sme chor\u00ed","description":"V poslednej dobe som si pre\u0161la ve\u013ea chorobami. A bolo to celkom v kr\u00e1tkych intervaloch po sebe. A v\u00e4\u010d\u0161inou ke\u010f som chor\u00e1, tak ma t\u00e1 choroba skol\u00ed \u00faplne \u0161ialene. A asi si dok\u00e1\u017eete predstavi\u0165, ako je telo v \u010dase choroby vy\u010derpan\u00e9 a oslaben\u00e9.\u00a0Mne naposledy e\u0161te \u0161ialene za\u010dalo bolie\u0165 v krku a to som si u\u017e naozaj myslela, \u017ee mi ten &hellip; ","datePublished":"2024-04-15","dateModified":"2024-04-15","author":{"@type":"Person","@id":"https:\/\/www.gravis.sk\/author\/devene\/#Person","name":"devene","url":"https:\/\/www.gravis.sk\/author\/devene\/","identifier":1,"image":{"@type":"ImageObject","@id":"https:\/\/secure.gravatar.com\/avatar\/b682f75cb96d085fca5fbc8ca3f08e323444e236f6e6028585b73de81c46f711?s=96&d=mm&r=g","url":"https:\/\/secure.gravatar.com\/avatar\/b682f75cb96d085fca5fbc8ca3f08e323444e236f6e6028585b73de81c46f711?s=96&d=mm&r=g","height":96,"width":96}},"publisher":{"@type":"Organization","name":"gravis.sk","logo":{"@type":"ImageObject","@id":"\/logo.png","url":"\/logo.png","width":600,"height":60}},"image":{"@type":"ImageObject","@id":"https:\/\/www.gravis.sk\/wp-content\/uploads\/pexels-ash-376464_2.jpg","url":"https:\/\/www.gravis.sk\/wp-content\/uploads\/pexels-ash-376464_2.jpg","height":0,"width":0},"url":"https:\/\/www.gravis.sk\/ked-sme-chori\/","about":["Zdravie"],"wordCount":405,"articleBody":"V poslednej dobe som si pre\u0161la ve\u013ea chorobami. A bolo to celkom v kr\u00e1tkych intervaloch po sebe. A v\u00e4\u010d\u0161inou ke\u010f som chor\u00e1, tak ma t\u00e1 choroba skol\u00ed \u00faplne \u0161ialene. A asi si dok\u00e1\u017eete predstavi\u0165, ako je telo v \u010dase choroby vy\u010derpan\u00e9 a oslaben\u00e9.\u00a0Mne naposledy e\u0161te \u0161ialene za\u010dalo bolie\u0165 v krku a to som si u\u017e naozaj myslela, \u017ee mi ten krk zhor\u00ed. Naozaj mi nebolo dobre a nec\u00edtila som dobre.\u00a0A ke\u010f\u017ee som e\u0161te astmatik, tak t\u00e1 choroba bola o to hor\u0161ia. Pri ka\u017edej chorobe mi potom minim\u00e1lne t\u00fd\u017ede\u0148 ten such\u00fd ka\u0161e\u013e zostane. A u\u017e ma to nebav\u00ed.\u00a0Navy\u0161e teraz e\u0161te za\u010diatkom leta ke\u010f je niekto chor\u00fd, tak to je u\u017e v\u00e1\u017ene \u0161ialen\u00e9. Preto som rada za ka\u017ed\u00fd de\u0148, ke\u010f nie som chor\u00e1 a neka\u0161lem. Je to toti\u017e pre m\u0148a fakt utrpenia.\u00a0Teraz bude u\u017e za chv\u00ed\u013eu leto a fakt net\u00fa\u017eim po tom, aby som bola chor\u00e1 a nec\u00edtila sa dobre. Naopak. Chcem si to leto u\u017e\u00edva\u0165 \u010do najviac m\u00f4\u017eem, preto\u017ee je to moje najob\u013e\u00fabenej\u0161ie obdobie a jednoducho zbo\u017e\u0148ujem, ke\u010f svieti slnie\u010dko a je n\u00e1dherne.\u00a0Ono sa to zd\u00e1 ako blbos\u0165, ale naozaj m\u00e1me by\u0165 za \u010do v\u010fa\u010dn\u00ed. Hlavn\u00e9 je zdravie a to, \u017ee \u010dloveka ni\u010d netr\u00e1pi. A pokia\u013e to tak je, tak je to nie\u010do ako keby \u010dlovek vyhral \u0161portku a nejak\u00fa obrovsk\u00fa v\u00fdhru. Naozaj.\u00a0Ja si mysl\u00edm, \u017ee za v\u00e4\u010d\u0161inu chor\u00f4b m\u00f4\u017ee stres. Ten toho m\u00e1 s chorobami toti\u017e mnohokr\u00e1t celkom dos\u0165 spolo\u010dn\u00e9ho. Ke\u010f ste v strese, logicky sa v\u00e1m nedar\u00ed, a pr\u00e1ve aj stres vo v\u00e1s m\u00f4\u017ee vyvola\u0165 nejak\u00fa chorobu. Bu\u010f slab\u0161\u00ed, alebo silnej\u0161\u00ed.\u00a0Viete, ako sa to hovor\u00ed? Zabijak nie je samotn\u00e1 choroba, ale stres, \u010do jej sp\u00f4sobil. A ja s t\u00fdmto tvrden\u00edm celkom dos\u0165 s\u00fahlas\u00edm a mysl\u00edm si, \u017ee je pravdiv\u00e9.\u00a0Moje jedin\u00e9 prianie je, aby som aspo\u0148 cez leto nebola u\u017e ani raz chor\u00e1. Rob\u00edm pre to v\u0161etko a tie\u017e do seba dost\u00e1vam vitam\u00edny z ovocia, aby som mala lep\u0161iu imunitu a ve\u013emi d\u00fafam, \u017ee mi to pom\u00f4\u017ee, preto\u017ee kto chce le\u017ea\u0165 v posteli a by\u0165 chor\u00fd? Nikto, \u017ee.                                                                                                                                                                                                                                                                                                                                                                                        4.1\/5 - (16 votes)        "},{"@context":"https:\/\/schema.org\/","@type":"BreadcrumbList","itemListElement":[{"@type":"ListItem","position":1,"name":"Ke\u010f sme chor\u00ed","item":"https:\/\/www.gravis.sk\/ked-sme-chori\/#breadcrumbitem"}]}]